{"id":895,"date":"2024-06-21T23:17:22","date_gmt":"2024-06-21T21:17:22","guid":{"rendered":"http:\/\/164.92.172.105\/p-curso-solidario-de-cocina-india\/"},"modified":"2025-08-14T23:52:26","modified_gmt":"2025-08-14T21:52:26","slug":"curso-solidario-de-cocina-india","status":"publish","type":"post","link":"https:\/\/www.1001especias.com\/blog\/p-curso-solidario-de-cocina-india\/","title":{"rendered":"Curso solidario de cocina india"},"content":{"rendered":"<p align=\"justify\">Hace unas semanas, mientras deambulaba por la ciudad, tuve la suerte de encontrarme con un cartel que llam\u00f3 poderosamente mi atenci\u00f3n: Curso Solidario de Cocina India&#8230; \u00bfde cocina india? M&#8217;a punto.<\/p>\n<table class=\"image\" style=\"float: right;\" border:=\"\" 2px=\"\" solid=\"\" red=\"\" border-width:=\"\" margin:=\"\" 5px=\"\" 15px=\"\">\n<tbody>\n<tr>\n<td><img loading=\"lazy\" decoding=\"async\" src=\"https:\/\/www.1001especias.com\/blog\/wp-content\/uploads\/blog-importados\/blog-imagenes\/cocinero-quique-cocinando.jpg\" alt=\"Quique Rico, con la manos en la masa\" style=\"border: 2px solid #1c0601; margin: 1px 5px 5px 15px;\" class=\" \" caption=\"false\" width=\"249\" height=\"276\" \/><\/td>\n<\/tr>\n<tr>\n<td class=\"caption\" text-align:=\"\" bottom=\"\" style=\"text-align: center;\">Quique Rico, con la manos en la masa<\/td>\n<\/tr>\n<\/tbody>\n<\/table>\n<p align=\"justify\">As\u00ed que, tras apuntarme -gracias a una cancelaci\u00f3n de \u00faltima hora, ya que las plazas estaban agotadas-, tuve la suerte de participar en dicho curso. Un aut\u00e9ntico lujo: divertido, pr\u00e1ctico y muy, \u00a1sabroso!, ya que pudimos degustar todo lo que hab\u00edamos preparado.<\/p>\n<p align=\"justify\">El curso de cocina india, organizado por la ONG Semilla para el Cambio (<a href=\"http:\/\/www.semillaparaelcambio.org\/\" target=\"_blank\" rel=\"noopener\">http:\/\/www.semillaparaelcambio.org\/<\/a>) se celebr\u00f3 en la escuela de Hosteler\u00eda San Javier, en A Coru\u00f1a, y fue impartido por <strong><a href=\"http:\/\/aclasedecocina.blogspot.com.es\" target=\"_blank\" title=\"Saber m\u00e1s sobre Quique Rico\" rel=\"noopener noreferrer\">Quique Rico<\/a><\/strong>, cocinero con amplia experiencia en cocina internacional.<\/p>\n<p align=\"justify\">En el curso intensivo, nada menos que de cuatro horas de duraci\u00f3n, elaboramos una gran cantidad de platos, tales como:<\/p>\n<table class=\"image\" style=\"float: left;\" border:=\"\" 2px=\"\" solid=\"\" red=\"\" border-width:=\"\" margin:=\"\" 5px=\"\" 15px=\"\">\n<tbody>\n<tr>\n<td><img loading=\"lazy\" decoding=\"async\" src=\"https:\/\/www.1001especias.com\/blog\/wp-content\/uploads\/blog-importados\/blog-imagenes\/samosas-horneadas.jpg\" style=\"float: left; border: 2px solid #1c0601; border-width: 2px; margin: 5px 15px 5px 5px;\" class=\" \" caption=\"false\" alt=\"samosas horneadas\" width=\"192\" height=\"183\" \/><\/td>\n<\/tr>\n<tr>\n<td class=\"caption\" text-align:=\"\" bottom=\"\" style=\"text-align: center;\"><em>Deliciosas samosas horneadas<\/em><\/td>\n<\/tr>\n<\/tbody>\n<\/table>\n<ul>\n<ul>\n<li><strong>Chapatis: <\/strong>los tradicionales panes planos indios, que sirven de acompa\u00f1amiento e incluso de plato para muchas otras comidas.<\/li>\n<li><strong>Pakoras de verduras: <\/strong>esta especie de bu\u00f1uelos se elaboran con una masa de harina de garbanzo que sirve de \u201cpegamento\u201d para mantener ligadas las verduras que previamente se han cortado, durante la fritura.<\/li>\n<li><strong>Chutney de mango. <\/strong>Para m\u00ed uno de los platos m\u00e1s deliciosos que preparamos. Muy arom\u00e1tico y especiado.<\/li>\n<li><strong>Raita de pepino. <\/strong>Esta salsa fresca y ligera viene a ser una versi\u00f3n del tzatziki griego, pero con comino, menta y mostaza en lugar del (tan Mediterraneo) or\u00e9gano y ajo. Resulta deliciosa y su uso es especialmente adecuado para acompa\u00f1ar aquellos platos m\u00e1s picantes, ya que los l\u00e1cteos neutralizan y suavizan el picor.<\/li>\n<\/ul>\n<\/ul>\n<ul>\n<li><strong>Samosas de guisante y patata. <\/strong>Estas empanadillas triangulares fueron tambi\u00e9n uno de los platos estrella. Se cocinaron de dos formas, fritas y al horno. Esta \u00faltima opci\u00f3n m\u00e1s aconsejable si no queremos pasarnos con las calor\u00edas.<\/li>\n<\/ul>\n<table class=\"image\" style=\"float: right;\" border:=\"\" 2px=\"\" solid=\"\" red=\"\" border-width:=\"\" margin:=\"\" 5px=\"\" 15px=\"\">\n<tbody>\n<tr>\n<td><img loading=\"lazy\" decoding=\"async\" src=\"https:\/\/www.1001especias.com\/blog\/wp-content\/uploads\/blog-importados\/blog-imagenes\/elaborando-chapatis.jpg\" style=\"float: right; border: 2px solid #1c0601; border-width: 2px; margin: 5px 5px 5px 15px;\" class=\" \" caption=\"false\" alt=\"samosas horneadas\" width=\"264\" height=\"211\" \/><\/td>\n<\/tr>\n<tr>\n<td class=\"caption\" text-align:=\"\" bottom=\"\" style=\"text-align: center;\"><em>El curso fue eminentemente pr\u00e1ctico: <br \/>aqu\u00ed, aplastando chapatis<br \/><\/em><\/td>\n<\/tr>\n<\/tbody>\n<\/table>\n<p align=\"justify\">Pero no voy a reproducir ni a contaros aqu\u00ed ninguna de las recetas elaboradas, para eso ya est\u00e1 Quique que lo hace de una manera muy amena y divertida -y sino seguro que buscando por Google encontr\u00e1is miles-. Lo que realmente me dej\u00f3 con la boca abierta fueron algunos de los trucos y claves que nos dio Quique para sacarle el m\u00e1ximo partido a las especias. De todos ellas, quiero destacar el siguiente:<\/p>\n<div style=\"text-align: justify;\"><strong>\u00bfCu\u00e1ndo se deben usar las especias molidas y cu\u00e1ndo en grano?<\/strong><\/div>\n<div style=\"text-align: justify;\">Al menos para m\u00ed, esta fue una de las grandes revelaciones de la jornada.<\/div>\n<div style=\"text-align: justify;\">Ya sabemos que, en general, la especia sin moler conserva m\u00e1s sus propiedades, pero adem\u00e1s, a la hora de cocinar con especias en grano o molidas, debemos tener muy en cuenta lo siguiente:<\/div>\n<div style=\"text-align: justify;\"><span class=\"fa fa-plus-circle\"><\/span> Las <strong>especias en grano<\/strong> se a\u00f1aden AL PRINCIPIO del cocinado del plato. Y se pueden tostar, dorar, etc. teniendo cuidado siempre que no se quemen, por que sino amargan. Hay que tener presente que estas especias nos las vamos a encontrar luego en el plato.<\/div>\n<p><span class=\"fa fa-plus-circle\"><\/span> Las <strong>especias molidas <\/strong>se a\u00f1aden, AL FINAL de la cocci\u00f3n, y en cualquier caso, NUNCA antes de a\u00f1adir el l\u00edquido.<\/p>\n<p>Y esto, por supuesto, sirve para la cocina india pero tambi\u00e9n para cualquier otro plato que preparemos, ya sean unos callos, un guiso o cualquier otro plato con especias.<\/p>\n<p style=\"text-align: justify;\">____________________________________<br \/>NOTAS:<\/p>\n<p style=\"text-align: justify;\"><span style=\"font-size: 8pt;\"><strong><a href=\"http:\/\/semillaparaelcambio.org\/\" target=\"_blank\" title=\"ONG Semilla para el Cambio\" rel=\"noopener noreferrer\">Semilla para el Cambio<\/a> <\/strong>es una ONG<span face=\"Agency FB, sans-serif\"><span size=\"3\"> que promueve el desarrollo garantizando la igualdad de las personas, actuando principalmente en los sectores de Educaci\u00f3n, Nutrici\u00f3n, Salud y Mujer.<\/span><\/span> En Espa\u00f1a la labor se centra en la realizaci\u00f3n de campa\u00f1as de sensibilizaci\u00f3n para acercarnos la realidad de estas comunidades y promover la solidaridad. (La recaudaci\u00f3n de este cuso fue dedicada a sufragar los proyectos que Semilla para el Cambio est\u00e1 actualmente desarrollando en la ciudad india de Varanasi.)<\/span><\/p>\n<p style=\"text-align: justify;\"><span style=\"font-size: 8pt;\"><a href=\"http:\/\/aclasedecocina.blogspot.com.es\/\" target=\"_blank\" title=\"Quique Rico\" rel=\"noopener noreferrer\"><strong>Quique Rico<br \/><\/strong><\/a>Cocinero y divulgador, la actividad de Quique Rico se centra fundamentalmente en la formaci\u00f3n, acerc\u00e1ndonos una cocina pr\u00e1ctica y divertida, perfecta tanto para iniciados como para no iniciados.<strong> <\/p>\n<p><a href=\"http:\/\/www.hosteleriasanjavier.com\/\" target=\"_blank\" rel=\"noopener noreferrer\">Escuela de hosteler\u00eda San Javier<\/a><br \/><\/strong>Este centro de formaci\u00f3n en hosteler\u00eda, homologado por la Conseller\u00eda de Econom\u00eda, Emprego e Industria, desarrolla su actividad en A Coru\u00f1a desde el a\u00f1o 1983. Cuenta con restaurante propio donde degustar las creaciones de los alumnos.<\/span><strong><br \/><\/strong><\/p>\n","protected":false},"excerpt":{"rendered":"<p>Hace unas semanas, mientras deambulaba por la ciudad, tuve la suerte de encontrarme con un cartel que llam\u00f3 poderosamente mi atenci\u00f3n: Curso Solidario de Cocina India&#8230; \u00bfde cocina india? M&#8217;a punto. Quique Rico, con la manos en la masa As\u00ed que, tras apuntarme -gracias a una cancelaci\u00f3n de \u00faltima hora, ya que las plazas estaban &#8230; <\/p>\n<p class=\"read-more-container\"><a title=\"Curso solidario de cocina india\" class=\"read-more button\" href=\"https:\/\/www.1001especias.com\/blog\/p-curso-solidario-de-cocina-india\/#more-895\" aria-label=\"Leer m\u00e1s sobre Curso solidario de cocina india\">Leer m\u00e1s<\/a><\/p>\n","protected":false},"author":1,"featured_media":0,"comment_status":"open","ping_status":"open","sticky":false,"template":"","format":"standard","meta":{"footnotes":""},"categories":[4],"tags":[],"class_list":["post-895","post","type-post","status-publish","format-standard","hentry","category-c-varios"],"_links":{"self":[{"href":"https:\/\/www.1001especias.com\/blog\/wp-json\/wp\/v2\/posts\/895","targetHints":{"allow":["GET"]}}],"collection":[{"href":"https:\/\/www.1001especias.com\/blog\/wp-json\/wp\/v2\/posts"}],"about":[{"href":"https:\/\/www.1001especias.com\/blog\/wp-json\/wp\/v2\/types\/post"}],"author":[{"embeddable":true,"href":"https:\/\/www.1001especias.com\/blog\/wp-json\/wp\/v2\/users\/1"}],"replies":[{"embeddable":true,"href":"https:\/\/www.1001especias.com\/blog\/wp-json\/wp\/v2\/comments?post=895"}],"version-history":[{"count":1,"href":"https:\/\/www.1001especias.com\/blog\/wp-json\/wp\/v2\/posts\/895\/revisions"}],"predecessor-version":[{"id":1194,"href":"https:\/\/www.1001especias.com\/blog\/wp-json\/wp\/v2\/posts\/895\/revisions\/1194"}],"wp:attachment":[{"href":"https:\/\/www.1001especias.com\/blog\/wp-json\/wp\/v2\/media?parent=895"}],"wp:term":[{"taxonomy":"category","embeddable":true,"href":"https:\/\/www.1001especias.com\/blog\/wp-json\/wp\/v2\/categories?post=895"},{"taxonomy":"post_tag","embeddable":true,"href":"https:\/\/www.1001especias.com\/blog\/wp-json\/wp\/v2\/tags?post=895"}],"curies":[{"name":"wp","href":"https:\/\/api.w.org\/{rel}","templated":true}]}}